{"id":2346,"date":"2019-09-18T23:10:44","date_gmt":"2019-09-18T21:10:44","guid":{"rendered":"https:\/\/laura-z.fr\/mobile\/?p=2346"},"modified":"2020-04-15T23:32:31","modified_gmt":"2020-04-15T21:32:31","slug":"se-marier-en-automne","status":"publish","type":"post","link":"https:\/\/laura-z.fr\/english\/2019\/09\/18\/get-marry-in-autumn\/","title":{"rendered":"Se marier en automne"},"content":{"rendered":"<p><strong>Actuellement la plupart des mariages que nous organisons ont lieu l\u2019\u00e9t\u00e9. Il est vrai que la plupart des clients de Laura Z Organisation, r\u00eavent traditionnellement, de vivre cette belle journ\u00e9e sous un soleil radieux et un ciel azur.<\/strong><\/p>\n\n\n\n<p><strong>Mais, vous mariez en automne, vous y avez pens\u00e9 ?<\/strong><\/p>\n\n\n\n<figure class=\"wp-block-image size-large\"><img fetchpriority=\"high\" decoding=\"async\" width=\"960\" height=\"640\" src=\"https:\/\/laura-z.fr\/mobile\/wp-content\/uploads\/2020\/04\/mariage-automne-2.jpg\" alt=\"\" class=\"wp-image-2376\" srcset=\"https:\/\/laura-z.fr\/wp-content\/uploads\/2020\/04\/mariage-automne-2.jpg 960w, https:\/\/laura-z.fr\/wp-content\/uploads\/2020\/04\/mariage-automne-2-300x200.jpg 300w, https:\/\/laura-z.fr\/wp-content\/uploads\/2020\/04\/mariage-automne-2-768x512.jpg 768w\" sizes=\"(max-width: 960px) 100vw, 960px\" \/><\/figure>\n\n\n\n<p>La premi\u00e8re chose, c\u2019est que vous marier en automne va vous permettre de sortir des sentiers battus. Gr\u00e2ce \u00e0 notre <strong>Expertise <\/strong>en tant que <strong>wedding planner<\/strong>, et ce depuis plus de 15 ans, nous savons que vous marier en automne va vous permettre de sortir des sentiers battus. Si vous cherchez \u00e0 c\u00e9l\u00e9brer vos noces de mani\u00e8re un peu inattendue,&nbsp;et jouer plut\u00f4t dans l\u2019originalit\u00e9, cette saison est un bon choix et toute l\u2019\u00e9quipe de<strong> Laura Z<\/strong> sera ravie de vous accompagner dans cet heureux \u00e9v\u00e9nement !<\/p>\n\n\n\n<p>La haute saison des mariages \u00e9tant derri\u00e8re nous, vous allez avoir plus de libert\u00e9 dans le choix&nbsp;de la date et nous serons toujours l\u00e0 pour vous accompagner. L\u2019administration \u00e9tant moins engorg\u00e9e, &nbsp;il sera plus ais\u00e9 de choisir la date id\u00e9ale que ce soit \u00e0 la mairie, dans votre lieu de culte et chez les prestataires. Ces derniers commencent \u00e0 souffler un peu et \u00e0 \u00eatre plus disponibles. Il va \u00eatre plus facile de louer votre lieu de r\u00e9ception id\u00e9al, de booker votre traiteur pr\u00e9f\u00e9r\u00e9 et d\u2019essayer votre robe de mari\u00e9e dans le calme. Gr\u00e2ce \u00e0 notre carnet d\u2019adresses, <strong>Laura Z<\/strong> vous accompagnera de A \u00e0 Z pour trouver les prestataires qui vous conviennent le mieux pour ainsi faire de votre mariage un mariage de r\u00eave.<\/p>\n\n\n\n<p><strong>Alors n\u2019h\u00e9sitez plus, faites confiance \u00e0 Laura Z pour vous marier lors de l\u2019automne !<\/strong><\/p>\n\n\n\n<figure class=\"wp-block-image size-large\"><img decoding=\"async\" width=\"1024\" height=\"768\" data-src=\"https:\/\/laura-z.fr\/mobile\/wp-content\/uploads\/2020\/04\/mariage-table-auromne-1024x768-1.jpeg\" alt=\"\" class=\"wp-image-2377 lazyload\" data-srcset=\"https:\/\/laura-z.fr\/wp-content\/uploads\/2020\/04\/mariage-table-auromne-1024x768-1.jpeg 1024w, https:\/\/laura-z.fr\/wp-content\/uploads\/2020\/04\/mariage-table-auromne-1024x768-1-300x225.jpeg 300w, https:\/\/laura-z.fr\/wp-content\/uploads\/2020\/04\/mariage-table-auromne-1024x768-1-768x576.jpeg 768w\" data-sizes=\"(max-width: 1024px) 100vw, 1024px\" src=\"data:image\/gif;base64,R0lGODlhAQABAAAAACH5BAEKAAEALAAAAAABAAEAAAICTAEAOw==\" style=\"--smush-placeholder-width: 1024px; --smush-placeholder-aspect-ratio: 1024\/768;\" \/><noscript><img decoding=\"async\" width=\"1024\" height=\"768\" src=\"https:\/\/laura-z.fr\/mobile\/wp-content\/uploads\/2020\/04\/mariage-table-auromne-1024x768-1.jpeg\" alt=\"\" class=\"wp-image-2377\" srcset=\"https:\/\/laura-z.fr\/wp-content\/uploads\/2020\/04\/mariage-table-auromne-1024x768-1.jpeg 1024w, https:\/\/laura-z.fr\/wp-content\/uploads\/2020\/04\/mariage-table-auromne-1024x768-1-300x225.jpeg 300w, https:\/\/laura-z.fr\/wp-content\/uploads\/2020\/04\/mariage-table-auromne-1024x768-1-768x576.jpeg 768w\" sizes=\"(max-width: 1024px) 100vw, 1024px\" \/><\/noscript><\/figure>\n\n\n\n<figure class=\"wp-block-image size-large\"><img decoding=\"async\" width=\"1000\" height=\"600\" data-src=\"https:\/\/laura-z.fr\/mobile\/wp-content\/uploads\/2020\/04\/salle-mariage-.jpg\" alt=\"\" class=\"wp-image-2378 lazyload\" data-srcset=\"https:\/\/laura-z.fr\/wp-content\/uploads\/2020\/04\/salle-mariage-.jpg 1000w, https:\/\/laura-z.fr\/wp-content\/uploads\/2020\/04\/salle-mariage--300x180.jpg 300w, https:\/\/laura-z.fr\/wp-content\/uploads\/2020\/04\/salle-mariage--768x461.jpg 768w\" data-sizes=\"(max-width: 1000px) 100vw, 1000px\" src=\"data:image\/gif;base64,R0lGODlhAQABAAAAACH5BAEKAAEALAAAAAABAAEAAAICTAEAOw==\" style=\"--smush-placeholder-width: 1000px; --smush-placeholder-aspect-ratio: 1000\/600;\" \/><noscript><img decoding=\"async\" width=\"1000\" height=\"600\" src=\"https:\/\/laura-z.fr\/mobile\/wp-content\/uploads\/2020\/04\/salle-mariage-.jpg\" alt=\"\" class=\"wp-image-2378\" srcset=\"https:\/\/laura-z.fr\/wp-content\/uploads\/2020\/04\/salle-mariage-.jpg 1000w, https:\/\/laura-z.fr\/wp-content\/uploads\/2020\/04\/salle-mariage--300x180.jpg 300w, https:\/\/laura-z.fr\/wp-content\/uploads\/2020\/04\/salle-mariage--768x461.jpg 768w\" sizes=\"(max-width: 1000px) 100vw, 1000px\" \/><\/noscript><\/figure>","protected":false},"excerpt":{"rendered":"<p>Actuellement la plupart des mariages que nous organisons ont lieu l\u2019\u00e9t\u00e9. Il est vrai que la plupart des clients de Laura Z Organisation, r\u00eavent traditionnellement, de vivre cette belle journ\u00e9e sous un soleil radieux et un ciel azur. Mais, vous mariez en automne, vous y avez pens\u00e9 ? La premi\u00e8re chose, c\u2019est que vous marier &#8230; <a title=\"Se marier en automne\" class=\"read-more\" href=\"https:\/\/laura-z.fr\/english\/2019\/09\/18\/get-marry-in-autumn\/\" aria-label=\"More on Se marier en automne\">Read more<\/a><\/p>","protected":false},"author":1,"featured_media":0,"comment_status":"open","ping_status":"open","sticky":false,"template":"","format":"standard","meta":[],"categories":[1],"tags":[],"yoast_head":"<!-- This site is optimized with the Yoast SEO plugin v21.4 - https:\/\/yoast.com\/wordpress\/plugins\/seo\/ -->\n<title>Se marier en automne - Wedding Planner Organisateur de Mariage Luxe Paris et France<\/title>\n<meta name=\"robots\" content=\"index, follow, max-snippet:-1, max-image-preview:large, max-video-preview:-1\" \/>\n<link rel=\"canonical\" href=\"https:\/\/laura-z.fr\/english\/2019\/09\/18\/get-marry-in-autumn\/\" \/>\n<meta property=\"og:locale\" content=\"en_GB\" \/>\n<meta property=\"og:type\" content=\"article\" \/>\n<meta property=\"og:title\" content=\"Se marier en automne - Wedding Planner Organisateur de Mariage Luxe Paris et France\" \/>\n<meta property=\"og:description\" content=\"Actuellement la plupart des mariages que nous organisons ont lieu l\u2019\u00e9t\u00e9. Il est vrai que la plupart des clients de Laura Z Organisation, r\u00eavent traditionnellement, de vivre cette belle journ\u00e9e sous un soleil radieux et un ciel azur. Mais, vous mariez en automne, vous y avez pens\u00e9 ? La premi\u00e8re chose, c\u2019est que vous marier ... Read more\" \/>\n<meta property=\"og:url\" content=\"https:\/\/laura-z.fr\/english\/2019\/09\/18\/get-marry-in-autumn\/\" \/>\n<meta property=\"og:site_name\" content=\"Wedding Planner Organisateur de Mariage Luxe Paris et France\" \/>\n<meta property=\"article:publisher\" content=\"https:\/\/fr-fr.facebook.com\/weddingplannerluxe\/\" \/>\n<meta property=\"article:published_time\" content=\"2019-09-18T21:10:44+00:00\" \/>\n<meta property=\"article:modified_time\" content=\"2020-04-15T21:32:31+00:00\" \/>\n<meta property=\"og:image\" content=\"https:\/\/laura-z.fr\/mobile\/wp-content\/uploads\/2020\/04\/mariage-automne-2.jpg\" \/>\n<meta name=\"author\" content=\"francois\" \/>\n<meta name=\"twitter:card\" content=\"summary_large_image\" \/>\n<meta name=\"twitter:label1\" content=\"Written by\" \/>\n\t<meta name=\"twitter:data1\" content=\"francois\" \/>\n\t<meta name=\"twitter:label2\" content=\"Estimated reading time\" \/>\n\t<meta name=\"twitter:data2\" content=\"1 minute\" \/>\n<script type=\"application\/ld+json\" class=\"yoast-schema-graph\">{\"@context\":\"https:\/\/schema.org\",\"@graph\":[{\"@type\":\"Article\",\"@id\":\"https:\/\/laura-z.fr\/2019\/09\/18\/se-marier-en-automne\/#article\",\"isPartOf\":{\"@id\":\"https:\/\/laura-z.fr\/2019\/09\/18\/se-marier-en-automne\/\"},\"author\":{\"name\":\"francois\",\"@id\":\"https:\/\/laura-z.fr\/#\/schema\/person\/c0c76fd6b9596d7714785bfa95144855\"},\"headline\":\"Se marier en automne\",\"datePublished\":\"2019-09-18T21:10:44+00:00\",\"dateModified\":\"2020-04-15T21:32:31+00:00\",\"mainEntityOfPage\":{\"@id\":\"https:\/\/laura-z.fr\/2019\/09\/18\/se-marier-en-automne\/\"},\"wordCount\":300,\"commentCount\":0,\"publisher\":{\"@id\":\"https:\/\/laura-z.fr\/#organization\"},\"articleSection\":[\"Non class\u00e9\"],\"inLanguage\":\"en-GB\",\"potentialAction\":[{\"@type\":\"CommentAction\",\"name\":\"Comment\",\"target\":[\"https:\/\/laura-z.fr\/2019\/09\/18\/se-marier-en-automne\/#respond\"]}]},{\"@type\":\"WebPage\",\"@id\":\"https:\/\/laura-z.fr\/2019\/09\/18\/se-marier-en-automne\/\",\"url\":\"https:\/\/laura-z.fr\/2019\/09\/18\/se-marier-en-automne\/\",\"name\":\"Se marier en automne - Wedding Planner Organisateur de Mariage Luxe Paris et France\",\"isPartOf\":{\"@id\":\"https:\/\/laura-z.fr\/#website\"},\"datePublished\":\"2019-09-18T21:10:44+00:00\",\"dateModified\":\"2020-04-15T21:32:31+00:00\",\"breadcrumb\":{\"@id\":\"https:\/\/laura-z.fr\/2019\/09\/18\/se-marier-en-automne\/#breadcrumb\"},\"inLanguage\":\"en-GB\",\"potentialAction\":[{\"@type\":\"ReadAction\",\"target\":[\"https:\/\/laura-z.fr\/2019\/09\/18\/se-marier-en-automne\/\"]}]},{\"@type\":\"BreadcrumbList\",\"@id\":\"https:\/\/laura-z.fr\/2019\/09\/18\/se-marier-en-automne\/#breadcrumb\",\"itemListElement\":[{\"@type\":\"ListItem\",\"position\":1,\"name\":\"Accueil\",\"item\":\"https:\/\/laura-z.fr\/\"},{\"@type\":\"ListItem\",\"position\":2,\"name\":\"Se marier en automne\"}]},{\"@type\":\"WebSite\",\"@id\":\"https:\/\/laura-z.fr\/#website\",\"url\":\"https:\/\/laura-z.fr\/\",\"name\":\"Wedding Planner Organisateur de Mariage Luxe Paris et France\",\"description\":\"\",\"publisher\":{\"@id\":\"https:\/\/laura-z.fr\/#organization\"},\"potentialAction\":[{\"@type\":\"SearchAction\",\"target\":{\"@type\":\"EntryPoint\",\"urlTemplate\":\"https:\/\/laura-z.fr\/?s={search_term_string}\"},\"query-input\":\"required name=search_term_string\"}],\"inLanguage\":\"en-GB\"},{\"@type\":\"Organization\",\"@id\":\"https:\/\/laura-z.fr\/#organization\",\"name\":\"laura z organisation\",\"url\":\"https:\/\/laura-z.fr\/\",\"logo\":{\"@type\":\"ImageObject\",\"inLanguage\":\"en-GB\",\"@id\":\"https:\/\/laura-z.fr\/#\/schema\/logo\/image\/\",\"url\":\"https:\/\/laura-z.fr\/wp-content\/uploads\/2020\/01\/weeding-planner-luxe-et-prestique-\u00e0-Paris-laura-z.png\",\"contentUrl\":\"https:\/\/laura-z.fr\/wp-content\/uploads\/2020\/01\/weeding-planner-luxe-et-prestique-\u00e0-Paris-laura-z.png\",\"width\":219,\"height\":162,\"caption\":\"laura z organisation\"},\"image\":{\"@id\":\"https:\/\/laura-z.fr\/#\/schema\/logo\/image\/\"},\"sameAs\":[\"https:\/\/fr-fr.facebook.com\/weddingplannerluxe\/\",\"https:\/\/www.instagram.com\/laura.z.organisation\/?hl=fr\",\"https:\/\/www.pinterest.fr\/laurazparis\/\",\"https:\/\/www.youtube.com\/channel\/UCYz4vM16Y8QoBGnd95wUc0w\"]},{\"@type\":\"Person\",\"@id\":\"https:\/\/laura-z.fr\/#\/schema\/person\/c0c76fd6b9596d7714785bfa95144855\",\"name\":\"francois\",\"image\":{\"@type\":\"ImageObject\",\"inLanguage\":\"en-GB\",\"@id\":\"https:\/\/laura-z.fr\/#\/schema\/person\/image\/\",\"url\":\"https:\/\/secure.gravatar.com\/avatar\/7445427e7e0aa2bf52b34e07cbc4e2f6?s=96&d=mm&r=g\",\"contentUrl\":\"https:\/\/secure.gravatar.com\/avatar\/7445427e7e0aa2bf52b34e07cbc4e2f6?s=96&d=mm&r=g\",\"caption\":\"francois\"}}]}<\/script>\n<!-- \/ Yoast SEO plugin. -->","yoast_head_json":{"title":"Se marier en automne - Wedding Planner Organisateur de Mariage Luxe Paris et France","robots":{"index":"index","follow":"follow","max-snippet":"max-snippet:-1","max-image-preview":"max-image-preview:large","max-video-preview":"max-video-preview:-1"},"canonical":"https:\/\/laura-z.fr\/english\/2019\/09\/18\/get-marry-in-autumn\/","og_locale":"en_GB","og_type":"article","og_title":"Se marier en automne - Wedding Planner Organisateur de Mariage Luxe Paris et France","og_description":"Actuellement la plupart des mariages que nous organisons ont lieu l\u2019\u00e9t\u00e9. Il est vrai que la plupart des clients de Laura Z Organisation, r\u00eavent traditionnellement, de vivre cette belle journ\u00e9e sous un soleil radieux et un ciel azur. Mais, vous mariez en automne, vous y avez pens\u00e9 ? La premi\u00e8re chose, c\u2019est que vous marier ... Read more","og_url":"https:\/\/laura-z.fr\/english\/2019\/09\/18\/get-marry-in-autumn\/","og_site_name":"Wedding Planner Organisateur de Mariage Luxe Paris et France","article_publisher":"https:\/\/fr-fr.facebook.com\/weddingplannerluxe\/","article_published_time":"2019-09-18T21:10:44+00:00","article_modified_time":"2020-04-15T21:32:31+00:00","og_image":[{"url":"https:\/\/laura-z.fr\/mobile\/wp-content\/uploads\/2020\/04\/mariage-automne-2.jpg"}],"author":"francois","twitter_card":"summary_large_image","twitter_misc":{"Written by":"francois","Estimated reading time":"1 minute"},"schema":{"@context":"https:\/\/schema.org","@graph":[{"@type":"Article","@id":"https:\/\/laura-z.fr\/2019\/09\/18\/se-marier-en-automne\/#article","isPartOf":{"@id":"https:\/\/laura-z.fr\/2019\/09\/18\/se-marier-en-automne\/"},"author":{"name":"francois","@id":"https:\/\/laura-z.fr\/#\/schema\/person\/c0c76fd6b9596d7714785bfa95144855"},"headline":"Se marier en automne","datePublished":"2019-09-18T21:10:44+00:00","dateModified":"2020-04-15T21:32:31+00:00","mainEntityOfPage":{"@id":"https:\/\/laura-z.fr\/2019\/09\/18\/se-marier-en-automne\/"},"wordCount":300,"commentCount":0,"publisher":{"@id":"https:\/\/laura-z.fr\/#organization"},"articleSection":["Non class\u00e9"],"inLanguage":"en-GB","potentialAction":[{"@type":"CommentAction","name":"Comment","target":["https:\/\/laura-z.fr\/2019\/09\/18\/se-marier-en-automne\/#respond"]}]},{"@type":"WebPage","@id":"https:\/\/laura-z.fr\/2019\/09\/18\/se-marier-en-automne\/","url":"https:\/\/laura-z.fr\/2019\/09\/18\/se-marier-en-automne\/","name":"Se marier en automne - Wedding Planner Organisateur de Mariage Luxe Paris et France","isPartOf":{"@id":"https:\/\/laura-z.fr\/#website"},"datePublished":"2019-09-18T21:10:44+00:00","dateModified":"2020-04-15T21:32:31+00:00","breadcrumb":{"@id":"https:\/\/laura-z.fr\/2019\/09\/18\/se-marier-en-automne\/#breadcrumb"},"inLanguage":"en-GB","potentialAction":[{"@type":"ReadAction","target":["https:\/\/laura-z.fr\/2019\/09\/18\/se-marier-en-automne\/"]}]},{"@type":"BreadcrumbList","@id":"https:\/\/laura-z.fr\/2019\/09\/18\/se-marier-en-automne\/#breadcrumb","itemListElement":[{"@type":"ListItem","position":1,"name":"Accueil","item":"https:\/\/laura-z.fr\/"},{"@type":"ListItem","position":2,"name":"Se marier en automne"}]},{"@type":"WebSite","@id":"https:\/\/laura-z.fr\/#website","url":"https:\/\/laura-z.fr\/","name":"Wedding Planner Organisateur de Mariage Luxe Paris et France","description":"","publisher":{"@id":"https:\/\/laura-z.fr\/#organization"},"potentialAction":[{"@type":"SearchAction","target":{"@type":"EntryPoint","urlTemplate":"https:\/\/laura-z.fr\/?s={search_term_string}"},"query-input":"required name=search_term_string"}],"inLanguage":"en-GB"},{"@type":"Organization","@id":"https:\/\/laura-z.fr\/#organization","name":"laura z organisation","url":"https:\/\/laura-z.fr\/","logo":{"@type":"ImageObject","inLanguage":"en-GB","@id":"https:\/\/laura-z.fr\/#\/schema\/logo\/image\/","url":"https:\/\/laura-z.fr\/wp-content\/uploads\/2020\/01\/weeding-planner-luxe-et-prestique-\u00e0-Paris-laura-z.png","contentUrl":"https:\/\/laura-z.fr\/wp-content\/uploads\/2020\/01\/weeding-planner-luxe-et-prestique-\u00e0-Paris-laura-z.png","width":219,"height":162,"caption":"laura z organisation"},"image":{"@id":"https:\/\/laura-z.fr\/#\/schema\/logo\/image\/"},"sameAs":["https:\/\/fr-fr.facebook.com\/weddingplannerluxe\/","https:\/\/www.instagram.com\/laura.z.organisation\/?hl=fr","https:\/\/www.pinterest.fr\/laurazparis\/","https:\/\/www.youtube.com\/channel\/UCYz4vM16Y8QoBGnd95wUc0w"]},{"@type":"Person","@id":"https:\/\/laura-z.fr\/#\/schema\/person\/c0c76fd6b9596d7714785bfa95144855","name":"francois","image":{"@type":"ImageObject","inLanguage":"en-GB","@id":"https:\/\/laura-z.fr\/#\/schema\/person\/image\/","url":"https:\/\/secure.gravatar.com\/avatar\/7445427e7e0aa2bf52b34e07cbc4e2f6?s=96&d=mm&r=g","contentUrl":"https:\/\/secure.gravatar.com\/avatar\/7445427e7e0aa2bf52b34e07cbc4e2f6?s=96&d=mm&r=g","caption":"francois"}}]}},"_links":{"self":[{"href":"https:\/\/laura-z.fr\/english\/wp-json\/wp\/v2\/posts\/2346"}],"collection":[{"href":"https:\/\/laura-z.fr\/english\/wp-json\/wp\/v2\/posts"}],"about":[{"href":"https:\/\/laura-z.fr\/english\/wp-json\/wp\/v2\/types\/post"}],"author":[{"embeddable":true,"href":"https:\/\/laura-z.fr\/english\/wp-json\/wp\/v2\/users\/1"}],"replies":[{"embeddable":true,"href":"https:\/\/laura-z.fr\/english\/wp-json\/wp\/v2\/comments?post=2346"}],"version-history":[{"count":1,"href":"https:\/\/laura-z.fr\/english\/wp-json\/wp\/v2\/posts\/2346\/revisions"}],"predecessor-version":[{"id":2379,"href":"https:\/\/laura-z.fr\/english\/wp-json\/wp\/v2\/posts\/2346\/revisions\/2379"}],"wp:attachment":[{"href":"https:\/\/laura-z.fr\/english\/wp-json\/wp\/v2\/media?parent=2346"}],"wp:term":[{"taxonomy":"category","embeddable":true,"href":"https:\/\/laura-z.fr\/english\/wp-json\/wp\/v2\/categories?post=2346"},{"taxonomy":"post_tag","embeddable":true,"href":"https:\/\/laura-z.fr\/english\/wp-json\/wp\/v2\/tags?post=2346"}],"curies":[{"name":"wp","href":"https:\/\/api.w.org\/{rel}","templated":true}]}}